{"id":49286,"date":"2023-01-02T16:04:19","date_gmt":"2023-01-02T15:04:19","guid":{"rendered":"https:\/\/www.square.mk\/indirim-na-nedviznosti-so-kare\/"},"modified":"2024-10-10T09:49:21","modified_gmt":"2024-10-10T07:49:21","slug":"indirim-na-nedviznosti-so-kare","status":"publish","type":"post","link":"https:\/\/www.square.mk\/tr\/indirim-na-nedviznosti-so-kare\/","title":{"rendered":"square.mk ile emlak indirimleri"},"content":{"rendered":"\n<p>Pazarl\u0131\u011f\u0131n ne oldu\u011funu hepimiz biliyoruz ve onu neredeyse her g\u00fcn kullan\u0131yoruz. Marketten barlardaki indirimlere kadar. Apartmanlarda da durum ayn\u0131. Fiyatlar ger\u00e7ek\u00e7i bir \u015fekilde g\u00f6sterilmiyor \u00e7\u00fcnk\u00fc mal sahibi, al\u0131c\u0131n\u0131n veya kirac\u0131n\u0131n kendileriyle pazarl\u0131k yapmas\u0131n\u0131 bekliyor ve di\u011fer taraftan al\u0131c\u0131 veya kirac\u0131 daha iyi bir fiyat almaya \u00e7al\u0131\u015facak.   <\/p>\n\n<figure class=\"wp-block-image size-large\"><img fetchpriority=\"high\" decoding=\"async\" src=\"https:\/\/www.square.mk\/wp-content\/uploads\/2023\/01\/Handshake-making-a-deal-1024x683.jpg\" alt=\"\" class=\"wp-image-1184\" width=\"1024\" height=\"683\" srcset=\"https:\/\/www.square.mk\/wp-content\/uploads\/2023\/01\/Handshake-making-a-deal-1024x683.jpg 1024w, https:\/\/www.square.mk\/wp-content\/uploads\/2023\/01\/Handshake-making-a-deal-300x200.jpg 300w, https:\/\/www.square.mk\/wp-content\/uploads\/2023\/01\/Handshake-making-a-deal-768x512.jpg 768w, https:\/\/www.square.mk\/wp-content\/uploads\/2023\/01\/Handshake-making-a-deal.jpg 1200w\" sizes=\"(max-width: 1024px) 100vw, 1024px\" \/><\/figure>\n\n<p>\u00c7o\u011fu durumda, acentemizin yard\u0131m\u0131yla, belirli ko\u015fullar yerine getirildi\u011fi takdirde, baz\u0131 kiral\u0131k m\u00fclklerde %20&#8217;ye, baz\u0131 sat\u0131l\u0131k m\u00fclklerde ise %10&#8217;a varan indirimlerden yararlanabilirsiniz, sadece bizi aray\u0131n, biz yapal\u0131m senin i\u00e7in \u00e7al\u0131\u015f\u0131yorum!<\/p>\n\n<hr class=\"wp-block-separator has-alpha-channel-opacity\"\/>\n\n<p>Acentam\u0131zda listelenen m\u00fclklere g\u00f6z atarken, +389 76 numaral\u0131 telefondan bizi araman\u0131z durumunda, kiralamada b\u00fct\u00e7enizin %20&#8217;sine, sat\u0131n almada ise b\u00fct\u00e7enizin %10&#8217;una kadar olan gayrimenkulleri g\u00f6z \u00f6n\u00fcnde bulundurun. 912 972, sizin i\u00e7in m\u00fcmk\u00fcn olan en iyi fiyatla pazarl\u0131k yapaca\u011f\u0131z!<\/p>\n\n<hr class=\"wp-block-separator has-alpha-channel-opacity\"\/>\n\n<p>E\u011fer hala m\u00fckemmel evi ar\u0131yorsan\u0131z, size yard\u0131mc\u0131 olabiliriz! Bize sadece <a href=\"https:\/\/www.square.mk\/izdavanje-na-stanovi-vo-skopje\">bir daire kiralamak<\/a> m\u0131 yoksa <a href=\"https:\/\/www.square.mk\/prodazba-na-stanovi-vo-skopje\">bir daire sat\u0131n almak<\/a> m\u0131 istedi\u011finizi veya <a href=\"https:\/\/www.square.mk\/izdavanje-na-kuki-vo-skopje\">bir ev kiralamak<\/a> m\u0131 yoksa <a href=\"https:\/\/www.square.mk\/prodazba-na-kuki-vo-skopje\">ev sat\u0131n almak m\u0131<\/a> istedi\u011finizi s\u00f6yleyin? <\/p>\n\n<p id=\"viewer-5umhb\">Samimi olarak,<\/p>\n\n<p id=\"viewer-7n065\">KARE &#8211; Emlak<\/p>\n","protected":false},"excerpt":{"rendered":"<p>Pazarl\u0131\u011f\u0131n ne oldu\u011funu hepimiz biliyoruz ve onu neredeyse her g\u00fcn kullan\u0131yoruz. Marketten barlardaki indirimlere kadar. Apartmanlarda da durum ayn\u0131. Fiyatlar ger\u00e7ek\u00e7i bir \u015fekilde g\u00f6sterilmiyor \u00e7\u00fcnk\u00fc mal sahibi, al\u0131c\u0131n\u0131n veya kirac\u0131n\u0131n kendileriyle pazarl\u0131k yapmas\u0131n\u0131 bekliyor ve di\u011fer taraftan al\u0131c\u0131 veya kirac\u0131 daha iyi bir fiyat almaya \u00e7al\u0131\u015facak. \u00c7o\u011fu durumda, acentemizin yard\u0131m\u0131yla, belirli ko\u015fullar yerine getirildi\u011fi takdirde, [&hellip;]<\/p>\n","protected":false},"author":4,"featured_media":9565,"comment_status":"closed","ping_status":"closed","sticky":false,"template":"","format":"standard","meta":{"footnotes":""},"categories":[55],"tags":[],"class_list":["post-49286","post","type-post","status-publish","format-standard","has-post-thumbnail","hentry","category-gayrimenkul-danismanligi"],"_links":{"self":[{"href":"https:\/\/www.square.mk\/tr\/wp-json\/wp\/v2\/posts\/49286","targetHints":{"allow":["GET"]}}],"collection":[{"href":"https:\/\/www.square.mk\/tr\/wp-json\/wp\/v2\/posts"}],"about":[{"href":"https:\/\/www.square.mk\/tr\/wp-json\/wp\/v2\/types\/post"}],"author":[{"embeddable":true,"href":"https:\/\/www.square.mk\/tr\/wp-json\/wp\/v2\/users\/4"}],"replies":[{"embeddable":true,"href":"https:\/\/www.square.mk\/tr\/wp-json\/wp\/v2\/comments?post=49286"}],"version-history":[{"count":1,"href":"https:\/\/www.square.mk\/tr\/wp-json\/wp\/v2\/posts\/49286\/revisions"}],"predecessor-version":[{"id":49289,"href":"https:\/\/www.square.mk\/tr\/wp-json\/wp\/v2\/posts\/49286\/revisions\/49289"}],"wp:featuredmedia":[{"embeddable":true,"href":"https:\/\/www.square.mk\/tr\/wp-json\/wp\/v2\/media\/9565"}],"wp:attachment":[{"href":"https:\/\/www.square.mk\/tr\/wp-json\/wp\/v2\/media?parent=49286"}],"wp:term":[{"taxonomy":"category","embeddable":true,"href":"https:\/\/www.square.mk\/tr\/wp-json\/wp\/v2\/categories?post=49286"},{"taxonomy":"post_tag","embeddable":true,"href":"https:\/\/www.square.mk\/tr\/wp-json\/wp\/v2\/tags?post=49286"}],"curies":[{"name":"wp","href":"https:\/\/api.w.org\/{rel}","templated":true}]}}